{"id":139,"date":"2022-08-03T16:22:44","date_gmt":"2022-08-03T14:22:44","guid":{"rendered":"https:\/\/landsbygdspartiet.org\/nora\/?p=139"},"modified":"2025-11-20T19:42:34","modified_gmt":"2025-11-20T18:42:34","slug":"det-ar-slutsparat-pa-de-sma-barnen","status":"publish","type":"post","link":"https:\/\/landsbygdspartiet.org\/nora\/2022\/08\/03\/det-ar-slutsparat-pa-de-sma-barnen\/","title":{"rendered":"Det \u00e4r slutsparat p\u00e5 de sm\u00e5 barnen!"},"content":{"rendered":"\n<p class=\"wp-block-paragraph\">Alla minns debatten om de sm\u00e5 barnen i Nora. Nedl\u00e4ggningen av Soltunet och Solkatten och hur majoriteten menade att man tagit h\u00e4nsyn till barnkonsekvensanalysen, att h\u00e4nsyn tagits till barnperspektivet och att n\u00e5gon f\u00f6r\u00e4ndring ej hade skett som p\u00e5verkade beslutet n\u00e4r fr\u00e5gan om nedl\u00e4ggning av Soltunet senarelades.<\/p>\n\n\n\n<p class=\"wp-block-paragraph\">Barnantalet skulle sjunka och vi beh\u00f6vde inte s\u00e5 m\u00e5nga f\u00f6rskoleavdelningar. Vi i oppositionen protesterade och f\u00f6r\u00e4ldrarna ocks\u00e5.<\/p>\n\n\n\n<p class=\"wp-block-paragraph\">Nu konstaterar man att man r\u00e4knat fel\u2026 Efter att man t\u00f6mt Soltunet och lagt ner den pedagogiska omsorgen i Solkattens lokaler. Vilket svek mot Noras barn och f\u00f6r\u00e4ldrar!<\/p>\n\n\n\n<p class=\"wp-block-paragraph\">Siffrorna nedan bygger p\u00e5 kommunens egen statistik:<\/p>\n\n\n\n<p class=\"wp-block-paragraph\">\u2013 I augusti 2020 hade vi 431 barn inskrivna i barnomsorgen.<\/p>\n\n\n\n<p class=\"wp-block-paragraph\">\u2013 I augusti 2021 hade vi 420 barn inskrivna.<\/p>\n\n\n\n<p class=\"wp-block-paragraph\">\u2013 Nu i maj 2022 har vi 489 barn inskrivna.<\/p>\n\n\n\n<p class=\"wp-block-paragraph\">34 barn g\u00e5r vidare till skolan och d\u00e5 har vi 455 barn kvar i h\u00f6st, f\u00f6rutsatt att INGA barn kommer till, vilket sj\u00e4lvklart kommer ske. Det inneb\u00e4r att barnantalet under pandemin gick ner tillf\u00e4lligt, men nu \u00e5ter \u00f6kar. Medan majoriteten direkt utan eftertanke, barnperspektiv eller fram f\u00f6rh\u00e5llning lagt ner tre avdelningar (pedagogisk omsorg samt tv\u00e5 avdelningar p\u00e5 Soltunet). Grupperna fylls p\u00e5 med mycket sm\u00e5 barn i augusti varje \u00e5r och snittet nu per avdelning \u00e4r 18,1 barn \/per avdelning, men flera avdelningar har betydligt h\u00f6gre barnantal.<\/p>\n\n\n\n<p class=\"wp-block-paragraph\">I denna takt kommer snittet ligga p\u00e5 16 barn\/avdelning utan att vi fyllt p\u00e5 med ett\u00e5ringar vilket \u00e4r ett alldeles f\u00f6r h\u00f6gt snitt.<\/p>\n\n\n\n<p class=\"wp-block-paragraph\">Vi i LPo varnade f\u00f6r detta och reserverade oss mot beslutet att reducera antalet avdelningar som togs 8 september 2021 i kommunstyrelsen. Den avdelning p\u00e5 Sparvugglan som tidigare st\u00e5tt tom hade vi beh\u00f6vt idag f\u00f6r att kunna n\u00e4rma oss de riktv\u00e4rden som finns p\u00e5 antal barn som Skolverket rekommenderar (p\u00e5 Skolverkets sida kan man l\u00e4sa \u201dF\u00f6r barn mellan ett och tre \u00e5r kan ett riktm\u00e4rke f\u00f6r barngruppens storlek vara 6 till 12 barn. F\u00f6r barn mellan fyra och fem \u00e5r kan ett riktm\u00e4rke vara 9 till 15 barn\u201d). Nu \u201dr\u00e4ddas\u201d kanske siffrorna upp \u201dn\u00e5got\u201d d\u00e5 privata Solberga f\u00f6rskolor ans\u00f6kt om ut\u00f6kning, vilket \u00e4r positivt f\u00f6r barngruppernas storlek, men var och en kan f\u00f6rst\u00e5 att detta inte \u00e4r bra politik. Inte kan man heller se att majoriteten i sin budget satsar p\u00e5 att \u00f6ppna n\u00e5gra nya avdelningar 2023, det skjuter man p\u00e5 framtiden p\u00e5 bekostnad av de sm\u00e5 barnen. Samtidigt g\u00f6r man frivillig verksamhet av Soltunet n\u00e4r man enkelt skulle kunna \u00f6ppna det igen. Det \u00e4r s\u00e5 d\u00e5lig politik att man saknar ord.<\/p>\n\n\n\n<p class=\"wp-block-paragraph\">LPo lovar att starta upp tre nya avdelningar 2023 om vi f\u00e5r m\u00f6jlighet. En av dessa avdelningar \u00e4r en f\u00f6rskolebuss f\u00f6r flexibilitetens skull. Vi projekterar \u00e4ven f\u00f6r ytterligare avdelningar. F\u00f6rskolor ska vara mindre och n\u00e4ra bostadsomr\u00e5dena. Det \u00e4r slutsparat p\u00e5 de sm\u00e5 barnen.<\/p>\n\n\n\n<p class=\"wp-block-paragraph\">F\u00f6r Landsbygdspartiet oberoende<\/p>\n\n\n\n<p class=\"wp-block-paragraph\"><strong>Pia-Maria Johansson<\/strong><\/p>\n","protected":false},"excerpt":{"rendered":"<p>Alla minns debatten om de sm\u00e5 barnen i Nora. Nedl\u00e4ggningen av Soltunet och Solkatten och hur majoriteten menade att man tagit h\u00e4nsyn till barnkonsekvensanalysen, att h\u00e4nsyn tagits till barnperspektivet och att n\u00e5gon f\u00f6r\u00e4ndring ej hade skett som p\u00e5verkade beslutet n\u00e4r fr\u00e5gan om nedl\u00e4ggning av Soltunet senarelades. Barnantalet skulle sjunka och vi beh\u00f6vde inte s\u00e5 m\u00e5nga [&hellip;]<\/p>\n","protected":false},"author":11,"featured_media":1198,"comment_status":"open","ping_status":"open","sticky":false,"template":"","format":"standard","meta":{"_monsterinsights_skip_tracking":false,"site-sidebar-layout":"default","site-content-layout":"","ast-site-content-layout":"default","site-content-style":"default","site-sidebar-style":"default","ast-global-header-display":"","ast-banner-title-visibility":"","ast-main-header-display":"","ast-hfb-above-header-display":"","ast-hfb-below-header-display":"","ast-hfb-mobile-header-display":"","site-post-title":"","ast-breadcrumbs-content":"","ast-featured-img":"","footer-sml-layout":"","ast-disable-related-posts":"","theme-transparent-header-meta":"","adv-header-id-meta":"","stick-header-meta":"","header-above-stick-meta":"","header-main-stick-meta":"","header-below-stick-meta":"","astra-migrate-meta-layouts":"set","ast-page-background-enabled":"default","ast-page-background-meta":{"desktop":{"background-color":"var(--ast-global-color-4)","background-image":"","background-repeat":"repeat","background-position":"center center","background-size":"auto","background-attachment":"scroll","background-type":"","background-media":"","overlay-type":"","overlay-color":"","overlay-opacity":"","overlay-gradient":""},"tablet":{"background-color":"","background-image":"","background-repeat":"repeat","background-position":"center center","background-size":"auto","background-attachment":"scroll","background-type":"","background-media":"","overlay-type":"","overlay-color":"","overlay-opacity":"","overlay-gradient":""},"mobile":{"background-color":"","background-image":"","background-repeat":"repeat","background-position":"center center","background-size":"auto","background-attachment":"scroll","background-type":"","background-media":"","overlay-type":"","overlay-color":"","overlay-opacity":"","overlay-gradient":""}},"ast-content-background-meta":{"desktop":{"background-color":"var(--ast-global-color-5)","background-image":"","background-repeat":"repeat","background-position":"center center","background-size":"auto","background-attachment":"scroll","background-type":"","background-media":"","overlay-type":"","overlay-color":"","overlay-opacity":"","overlay-gradient":""},"tablet":{"background-color":"var(--ast-global-color-5)","background-image":"","background-repeat":"repeat","background-position":"center center","background-size":"auto","background-attachment":"scroll","background-type":"","background-media":"","overlay-type":"","overlay-color":"","overlay-opacity":"","overlay-gradient":""},"mobile":{"background-color":"var(--ast-global-color-5)","background-image":"","background-repeat":"repeat","background-position":"center center","background-size":"auto","background-attachment":"scroll","background-type":"","background-media":"","overlay-type":"","overlay-color":"","overlay-opacity":"","overlay-gradient":""}},"footnotes":""},"categories":[5,2,180],"tags":[25,50,76,20,18],"class_list":["post-139","post","type-post","status-publish","format-standard","has-post-thumbnail","hentry","category-lokala-insandare","category-lokalt","category-nora","tag-barn","tag-ekonomi","tag-nora","tag-nora-kommun","tag-politik"],"yoast_head":"<!-- This site is optimized with the Yoast SEO plugin v28.1 - https:\/\/yoast.com\/product\/yoast-seo-wordpress\/ -->\n<title>Det \u00e4r slutsparat p\u00e5 de sm\u00e5 barnen! - Landsbygdspartiet oberoende Nora<\/title>\n<meta name=\"robots\" content=\"index, follow, max-snippet:-1, max-image-preview:large, max-video-preview:-1\" \/>\n<link rel=\"canonical\" href=\"https:\/\/landsbygdspartiet.org\/nora\/2022\/08\/03\/det-ar-slutsparat-pa-de-sma-barnen\/\" \/>\n<meta property=\"og:locale\" content=\"sv_SE\" \/>\n<meta property=\"og:type\" content=\"article\" \/>\n<meta property=\"og:title\" content=\"Det \u00e4r slutsparat p\u00e5 de sm\u00e5 barnen! - Landsbygdspartiet oberoende Nora\" \/>\n<meta property=\"og:description\" content=\"Alla minns debatten om de sm\u00e5 barnen i Nora. Nedl\u00e4ggningen av Soltunet och Solkatten och hur majoriteten menade att man tagit h\u00e4nsyn till barnkonsekvensanalysen, att h\u00e4nsyn tagits till barnperspektivet och att n\u00e5gon f\u00f6r\u00e4ndring ej hade skett som p\u00e5verkade beslutet n\u00e4r fr\u00e5gan om nedl\u00e4ggning av Soltunet senarelades. Barnantalet skulle sjunka och vi beh\u00f6vde inte s\u00e5 m\u00e5nga [&hellip;]\" \/>\n<meta property=\"og:url\" content=\"https:\/\/landsbygdspartiet.org\/nora\/2022\/08\/03\/det-ar-slutsparat-pa-de-sma-barnen\/\" \/>\n<meta property=\"og:site_name\" content=\"Landsbygdspartiet oberoende Nora\" \/>\n<meta property=\"article:published_time\" content=\"2022-08-03T14:22:44+00:00\" \/>\n<meta property=\"article:modified_time\" content=\"2025-11-20T18:42:34+00:00\" \/>\n<meta property=\"og:image\" content=\"https:\/\/landsbygdspartiet.org\/nora\/wp-content\/uploads\/sites\/12\/2022\/08\/sad-child.png\" \/>\n\t<meta property=\"og:image:width\" content=\"768\" \/>\n\t<meta property=\"og:image:height\" content=\"512\" \/>\n\t<meta property=\"og:image:type\" content=\"image\/png\" \/>\n<meta name=\"author\" content=\"nora\" \/>\n<meta name=\"twitter:card\" content=\"summary_large_image\" \/>\n<meta name=\"twitter:label1\" content=\"Skriven av\" \/>\n\t<meta name=\"twitter:data1\" content=\"nora\" \/>\n\t<meta name=\"twitter:label2\" content=\"Ber\u00e4knad l\u00e4stid\" \/>\n\t<meta name=\"twitter:data2\" content=\"3 minuter\" \/>\n<script type=\"application\/ld+json\" class=\"yoast-schema-graph\">{\"@context\":\"https:\\\/\\\/schema.org\",\"@graph\":[{\"@type\":\"Article\",\"@id\":\"https:\\\/\\\/landsbygdspartiet.org\\\/nora\\\/2022\\\/08\\\/03\\\/det-ar-slutsparat-pa-de-sma-barnen\\\/#article\",\"isPartOf\":{\"@id\":\"https:\\\/\\\/landsbygdspartiet.org\\\/nora\\\/2022\\\/08\\\/03\\\/det-ar-slutsparat-pa-de-sma-barnen\\\/\"},\"author\":{\"name\":\"nora\",\"@id\":\"https:\\\/\\\/landsbygdspartiet.org\\\/nora\\\/#\\\/schema\\\/person\\\/6da399024537ac03607c53cde49233f0\"},\"headline\":\"Det \u00e4r slutsparat p\u00e5 de sm\u00e5 barnen!\",\"datePublished\":\"2022-08-03T14:22:44+00:00\",\"dateModified\":\"2025-11-20T18:42:34+00:00\",\"mainEntityOfPage\":{\"@id\":\"https:\\\/\\\/landsbygdspartiet.org\\\/nora\\\/2022\\\/08\\\/03\\\/det-ar-slutsparat-pa-de-sma-barnen\\\/\"},\"wordCount\":507,\"commentCount\":0,\"image\":{\"@id\":\"https:\\\/\\\/landsbygdspartiet.org\\\/nora\\\/2022\\\/08\\\/03\\\/det-ar-slutsparat-pa-de-sma-barnen\\\/#primaryimage\"},\"thumbnailUrl\":\"https:\\\/\\\/landsbygdspartiet.org\\\/nora\\\/wp-content\\\/uploads\\\/sites\\\/12\\\/2022\\\/08\\\/sad-child.png\",\"keywords\":[\"barn\",\"ekonomi\",\"nora\",\"nora kommun\",\"politik\"],\"articleSection\":[\"Lokala Ins\u00e4ndare\",\"Lokalt\",\"Nora-Lindesberg\"],\"inLanguage\":\"sv-SE\",\"potentialAction\":[{\"@type\":\"CommentAction\",\"name\":\"Comment\",\"target\":[\"https:\\\/\\\/landsbygdspartiet.org\\\/nora\\\/2022\\\/08\\\/03\\\/det-ar-slutsparat-pa-de-sma-barnen\\\/#respond\"]}]},{\"@type\":\"WebPage\",\"@id\":\"https:\\\/\\\/landsbygdspartiet.org\\\/nora\\\/2022\\\/08\\\/03\\\/det-ar-slutsparat-pa-de-sma-barnen\\\/\",\"url\":\"https:\\\/\\\/landsbygdspartiet.org\\\/nora\\\/2022\\\/08\\\/03\\\/det-ar-slutsparat-pa-de-sma-barnen\\\/\",\"name\":\"Det \u00e4r slutsparat p\u00e5 de sm\u00e5 barnen! - Landsbygdspartiet oberoende Nora\",\"isPartOf\":{\"@id\":\"https:\\\/\\\/landsbygdspartiet.org\\\/nora\\\/#website\"},\"primaryImageOfPage\":{\"@id\":\"https:\\\/\\\/landsbygdspartiet.org\\\/nora\\\/2022\\\/08\\\/03\\\/det-ar-slutsparat-pa-de-sma-barnen\\\/#primaryimage\"},\"image\":{\"@id\":\"https:\\\/\\\/landsbygdspartiet.org\\\/nora\\\/2022\\\/08\\\/03\\\/det-ar-slutsparat-pa-de-sma-barnen\\\/#primaryimage\"},\"thumbnailUrl\":\"https:\\\/\\\/landsbygdspartiet.org\\\/nora\\\/wp-content\\\/uploads\\\/sites\\\/12\\\/2022\\\/08\\\/sad-child.png\",\"datePublished\":\"2022-08-03T14:22:44+00:00\",\"dateModified\":\"2025-11-20T18:42:34+00:00\",\"author\":{\"@id\":\"https:\\\/\\\/landsbygdspartiet.org\\\/nora\\\/#\\\/schema\\\/person\\\/6da399024537ac03607c53cde49233f0\"},\"breadcrumb\":{\"@id\":\"https:\\\/\\\/landsbygdspartiet.org\\\/nora\\\/2022\\\/08\\\/03\\\/det-ar-slutsparat-pa-de-sma-barnen\\\/#breadcrumb\"},\"inLanguage\":\"sv-SE\",\"potentialAction\":[{\"@type\":\"ReadAction\",\"target\":[\"https:\\\/\\\/landsbygdspartiet.org\\\/nora\\\/2022\\\/08\\\/03\\\/det-ar-slutsparat-pa-de-sma-barnen\\\/\"]}]},{\"@type\":\"ImageObject\",\"inLanguage\":\"sv-SE\",\"@id\":\"https:\\\/\\\/landsbygdspartiet.org\\\/nora\\\/2022\\\/08\\\/03\\\/det-ar-slutsparat-pa-de-sma-barnen\\\/#primaryimage\",\"url\":\"https:\\\/\\\/landsbygdspartiet.org\\\/nora\\\/wp-content\\\/uploads\\\/sites\\\/12\\\/2022\\\/08\\\/sad-child.png\",\"contentUrl\":\"https:\\\/\\\/landsbygdspartiet.org\\\/nora\\\/wp-content\\\/uploads\\\/sites\\\/12\\\/2022\\\/08\\\/sad-child.png\",\"width\":768,\"height\":512},{\"@type\":\"BreadcrumbList\",\"@id\":\"https:\\\/\\\/landsbygdspartiet.org\\\/nora\\\/2022\\\/08\\\/03\\\/det-ar-slutsparat-pa-de-sma-barnen\\\/#breadcrumb\",\"itemListElement\":[{\"@type\":\"ListItem\",\"position\":1,\"name\":\"Hem\",\"item\":\"https:\\\/\\\/landsbygdspartiet.org\\\/nora\\\/\"},{\"@type\":\"ListItem\",\"position\":2,\"name\":\"Det \u00e4r slutsparat p\u00e5 de sm\u00e5 barnen!\"}]},{\"@type\":\"WebSite\",\"@id\":\"https:\\\/\\\/landsbygdspartiet.org\\\/nora\\\/#website\",\"url\":\"https:\\\/\\\/landsbygdspartiet.org\\\/nora\\\/\",\"name\":\"Landsbygdspartiet oberoende Nora\",\"description\":\"\u00c4nnu en webbplats hos Mina webbplatser\",\"potentialAction\":[{\"@type\":\"SearchAction\",\"target\":{\"@type\":\"EntryPoint\",\"urlTemplate\":\"https:\\\/\\\/landsbygdspartiet.org\\\/nora\\\/?s={search_term_string}\"},\"query-input\":{\"@type\":\"PropertyValueSpecification\",\"valueRequired\":true,\"valueName\":\"search_term_string\"}}],\"inLanguage\":\"sv-SE\"},{\"@type\":\"Person\",\"@id\":\"https:\\\/\\\/landsbygdspartiet.org\\\/nora\\\/#\\\/schema\\\/person\\\/6da399024537ac03607c53cde49233f0\",\"name\":\"nora\",\"image\":{\"@type\":\"ImageObject\",\"inLanguage\":\"sv-SE\",\"@id\":\"https:\\\/\\\/secure.gravatar.com\\\/avatar\\\/047527a31ae35995124dc244f05125098cb8f4e4ced8fb5dfe943ab0d4e25b8c?s=96&d=mm&r=g\",\"url\":\"https:\\\/\\\/secure.gravatar.com\\\/avatar\\\/047527a31ae35995124dc244f05125098cb8f4e4ced8fb5dfe943ab0d4e25b8c?s=96&d=mm&r=g\",\"contentUrl\":\"https:\\\/\\\/secure.gravatar.com\\\/avatar\\\/047527a31ae35995124dc244f05125098cb8f4e4ced8fb5dfe943ab0d4e25b8c?s=96&d=mm&r=g\",\"caption\":\"nora\"},\"url\":\"https:\\\/\\\/landsbygdspartiet.org\\\/nora\\\/author\\\/nora\\\/\"}]}<\/script>\n<!-- \/ Yoast SEO plugin. -->","yoast_head_json":{"title":"Det \u00e4r slutsparat p\u00e5 de sm\u00e5 barnen! - Landsbygdspartiet oberoende Nora","robots":{"index":"index","follow":"follow","max-snippet":"max-snippet:-1","max-image-preview":"max-image-preview:large","max-video-preview":"max-video-preview:-1"},"canonical":"https:\/\/landsbygdspartiet.org\/nora\/2022\/08\/03\/det-ar-slutsparat-pa-de-sma-barnen\/","og_locale":"sv_SE","og_type":"article","og_title":"Det \u00e4r slutsparat p\u00e5 de sm\u00e5 barnen! - Landsbygdspartiet oberoende Nora","og_description":"Alla minns debatten om de sm\u00e5 barnen i Nora. Nedl\u00e4ggningen av Soltunet och Solkatten och hur majoriteten menade att man tagit h\u00e4nsyn till barnkonsekvensanalysen, att h\u00e4nsyn tagits till barnperspektivet och att n\u00e5gon f\u00f6r\u00e4ndring ej hade skett som p\u00e5verkade beslutet n\u00e4r fr\u00e5gan om nedl\u00e4ggning av Soltunet senarelades. Barnantalet skulle sjunka och vi beh\u00f6vde inte s\u00e5 m\u00e5nga [&hellip;]","og_url":"https:\/\/landsbygdspartiet.org\/nora\/2022\/08\/03\/det-ar-slutsparat-pa-de-sma-barnen\/","og_site_name":"Landsbygdspartiet oberoende Nora","article_published_time":"2022-08-03T14:22:44+00:00","article_modified_time":"2025-11-20T18:42:34+00:00","og_image":[{"width":768,"height":512,"url":"https:\/\/landsbygdspartiet.org\/nora\/wp-content\/uploads\/sites\/12\/2022\/08\/sad-child.png","type":"image\/png"}],"author":"nora","twitter_card":"summary_large_image","twitter_misc":{"Skriven av":"nora","Ber\u00e4knad l\u00e4stid":"3 minuter"},"schema":{"@context":"https:\/\/schema.org","@graph":[{"@type":"Article","@id":"https:\/\/landsbygdspartiet.org\/nora\/2022\/08\/03\/det-ar-slutsparat-pa-de-sma-barnen\/#article","isPartOf":{"@id":"https:\/\/landsbygdspartiet.org\/nora\/2022\/08\/03\/det-ar-slutsparat-pa-de-sma-barnen\/"},"author":{"name":"nora","@id":"https:\/\/landsbygdspartiet.org\/nora\/#\/schema\/person\/6da399024537ac03607c53cde49233f0"},"headline":"Det \u00e4r slutsparat p\u00e5 de sm\u00e5 barnen!","datePublished":"2022-08-03T14:22:44+00:00","dateModified":"2025-11-20T18:42:34+00:00","mainEntityOfPage":{"@id":"https:\/\/landsbygdspartiet.org\/nora\/2022\/08\/03\/det-ar-slutsparat-pa-de-sma-barnen\/"},"wordCount":507,"commentCount":0,"image":{"@id":"https:\/\/landsbygdspartiet.org\/nora\/2022\/08\/03\/det-ar-slutsparat-pa-de-sma-barnen\/#primaryimage"},"thumbnailUrl":"https:\/\/landsbygdspartiet.org\/nora\/wp-content\/uploads\/sites\/12\/2022\/08\/sad-child.png","keywords":["barn","ekonomi","nora","nora kommun","politik"],"articleSection":["Lokala Ins\u00e4ndare","Lokalt","Nora-Lindesberg"],"inLanguage":"sv-SE","potentialAction":[{"@type":"CommentAction","name":"Comment","target":["https:\/\/landsbygdspartiet.org\/nora\/2022\/08\/03\/det-ar-slutsparat-pa-de-sma-barnen\/#respond"]}]},{"@type":"WebPage","@id":"https:\/\/landsbygdspartiet.org\/nora\/2022\/08\/03\/det-ar-slutsparat-pa-de-sma-barnen\/","url":"https:\/\/landsbygdspartiet.org\/nora\/2022\/08\/03\/det-ar-slutsparat-pa-de-sma-barnen\/","name":"Det \u00e4r slutsparat p\u00e5 de sm\u00e5 barnen! - Landsbygdspartiet oberoende Nora","isPartOf":{"@id":"https:\/\/landsbygdspartiet.org\/nora\/#website"},"primaryImageOfPage":{"@id":"https:\/\/landsbygdspartiet.org\/nora\/2022\/08\/03\/det-ar-slutsparat-pa-de-sma-barnen\/#primaryimage"},"image":{"@id":"https:\/\/landsbygdspartiet.org\/nora\/2022\/08\/03\/det-ar-slutsparat-pa-de-sma-barnen\/#primaryimage"},"thumbnailUrl":"https:\/\/landsbygdspartiet.org\/nora\/wp-content\/uploads\/sites\/12\/2022\/08\/sad-child.png","datePublished":"2022-08-03T14:22:44+00:00","dateModified":"2025-11-20T18:42:34+00:00","author":{"@id":"https:\/\/landsbygdspartiet.org\/nora\/#\/schema\/person\/6da399024537ac03607c53cde49233f0"},"breadcrumb":{"@id":"https:\/\/landsbygdspartiet.org\/nora\/2022\/08\/03\/det-ar-slutsparat-pa-de-sma-barnen\/#breadcrumb"},"inLanguage":"sv-SE","potentialAction":[{"@type":"ReadAction","target":["https:\/\/landsbygdspartiet.org\/nora\/2022\/08\/03\/det-ar-slutsparat-pa-de-sma-barnen\/"]}]},{"@type":"ImageObject","inLanguage":"sv-SE","@id":"https:\/\/landsbygdspartiet.org\/nora\/2022\/08\/03\/det-ar-slutsparat-pa-de-sma-barnen\/#primaryimage","url":"https:\/\/landsbygdspartiet.org\/nora\/wp-content\/uploads\/sites\/12\/2022\/08\/sad-child.png","contentUrl":"https:\/\/landsbygdspartiet.org\/nora\/wp-content\/uploads\/sites\/12\/2022\/08\/sad-child.png","width":768,"height":512},{"@type":"BreadcrumbList","@id":"https:\/\/landsbygdspartiet.org\/nora\/2022\/08\/03\/det-ar-slutsparat-pa-de-sma-barnen\/#breadcrumb","itemListElement":[{"@type":"ListItem","position":1,"name":"Hem","item":"https:\/\/landsbygdspartiet.org\/nora\/"},{"@type":"ListItem","position":2,"name":"Det \u00e4r slutsparat p\u00e5 de sm\u00e5 barnen!"}]},{"@type":"WebSite","@id":"https:\/\/landsbygdspartiet.org\/nora\/#website","url":"https:\/\/landsbygdspartiet.org\/nora\/","name":"Landsbygdspartiet oberoende Nora","description":"\u00c4nnu en webbplats hos Mina webbplatser","potentialAction":[{"@type":"SearchAction","target":{"@type":"EntryPoint","urlTemplate":"https:\/\/landsbygdspartiet.org\/nora\/?s={search_term_string}"},"query-input":{"@type":"PropertyValueSpecification","valueRequired":true,"valueName":"search_term_string"}}],"inLanguage":"sv-SE"},{"@type":"Person","@id":"https:\/\/landsbygdspartiet.org\/nora\/#\/schema\/person\/6da399024537ac03607c53cde49233f0","name":"nora","image":{"@type":"ImageObject","inLanguage":"sv-SE","@id":"https:\/\/secure.gravatar.com\/avatar\/047527a31ae35995124dc244f05125098cb8f4e4ced8fb5dfe943ab0d4e25b8c?s=96&d=mm&r=g","url":"https:\/\/secure.gravatar.com\/avatar\/047527a31ae35995124dc244f05125098cb8f4e4ced8fb5dfe943ab0d4e25b8c?s=96&d=mm&r=g","contentUrl":"https:\/\/secure.gravatar.com\/avatar\/047527a31ae35995124dc244f05125098cb8f4e4ced8fb5dfe943ab0d4e25b8c?s=96&d=mm&r=g","caption":"nora"},"url":"https:\/\/landsbygdspartiet.org\/nora\/author\/nora\/"}]}},"_links":{"self":[{"href":"https:\/\/landsbygdspartiet.org\/nora\/wp-json\/wp\/v2\/posts\/139","targetHints":{"allow":["GET"]}}],"collection":[{"href":"https:\/\/landsbygdspartiet.org\/nora\/wp-json\/wp\/v2\/posts"}],"about":[{"href":"https:\/\/landsbygdspartiet.org\/nora\/wp-json\/wp\/v2\/types\/post"}],"author":[{"embeddable":true,"href":"https:\/\/landsbygdspartiet.org\/nora\/wp-json\/wp\/v2\/users\/11"}],"replies":[{"embeddable":true,"href":"https:\/\/landsbygdspartiet.org\/nora\/wp-json\/wp\/v2\/comments?post=139"}],"version-history":[{"count":2,"href":"https:\/\/landsbygdspartiet.org\/nora\/wp-json\/wp\/v2\/posts\/139\/revisions"}],"predecessor-version":[{"id":1199,"href":"https:\/\/landsbygdspartiet.org\/nora\/wp-json\/wp\/v2\/posts\/139\/revisions\/1199"}],"wp:featuredmedia":[{"embeddable":true,"href":"https:\/\/landsbygdspartiet.org\/nora\/wp-json\/wp\/v2\/media\/1198"}],"wp:attachment":[{"href":"https:\/\/landsbygdspartiet.org\/nora\/wp-json\/wp\/v2\/media?parent=139"}],"wp:term":[{"taxonomy":"category","embeddable":true,"href":"https:\/\/landsbygdspartiet.org\/nora\/wp-json\/wp\/v2\/categories?post=139"},{"taxonomy":"post_tag","embeddable":true,"href":"https:\/\/landsbygdspartiet.org\/nora\/wp-json\/wp\/v2\/tags?post=139"}],"curies":[{"name":"wp","href":"https:\/\/api.w.org\/{rel}","templated":true}]}}