{"id":930,"date":"2025-03-27T10:55:20","date_gmt":"2025-03-27T09:55:20","guid":{"rendered":"https:\/\/landsbygdspartiet.org\/nora\/?p=930"},"modified":"2025-03-27T10:55:20","modified_gmt":"2025-03-27T09:55:20","slug":"angaende-nor-och-tnt-fabrik","status":"publish","type":"post","link":"https:\/\/landsbygdspartiet.org\/nora\/2025\/03\/27\/angaende-nor-och-tnt-fabrik\/","title":{"rendered":"Ang\u00e5ende Nor och TNT fabrik"},"content":{"rendered":"\n<p class=\"wp-block-paragraph\">Utifr\u00e5n de brev som inkommit och den oro som uttrycks fr\u00e5n sommarg\u00e4ster och n\u00e5gra permanent boende i Nor&nbsp;f\u00f6rklarar vi utifr\u00e5n Landsbygdspartiet oberoendes tankar och st\u00e4llningstagande om denna eventuella etablering av TNT fabrik.<\/p>\n\n\n\n<p class=\"wp-block-paragraph\">Sweden Ballistics AB, \u00e4r ett f\u00f6retag som, utifr\u00e5n 40 olika kommuner, har unders\u00f6kt var en etablering, av detta f\u00f6retags industribyggnad, kan g\u00f6ras. F\u00f6retaget har d\u00e5 kommit fram till att Nora kan vara en bra plats. Bland annat med plats, sin l\u00e5nga erfarenhet och kompetens, av spr\u00e4ng\u00e4mnen.<\/p>\n\n\n\n<p class=\"wp-block-paragraph\">N\u00e4r vi tog beslutet i kommunfullm\u00e4ktige hade inte heller vi politiker namnet p\u00e5 f\u00f6retaget. Orsaken var att f\u00f6retaget redan d\u00e5, om f\u00f6rdelaktigt beslut togs, planerade ett f\u00f6rsta samr\u00e5d med information direkt efter julhelgen. F\u00f6retagets namn \u00e4r inte heller viktigt, snarare vad som ska produceras d\u00e5 vi i fullm\u00e4ktiga hade att ta st\u00e4llning till positivt planbesked eller ej, det vill s\u00e4ga om kommunen kunde t\u00e4nka sig g\u00f6ra en detaljplan, som vidare kunde ge n\u00e5gra av de svar som fodras f\u00f6r att en eventuell etablering kan bli av<\/p>\n\n\n\n<p class=\"wp-block-paragraph\">Vill man veta namn mm kan man som inv\u00e5nare beg\u00e4ra ut handlingar s\u00e5 pr\u00f6vas det p\u00e5 sedvanligt s\u00e4tt, inget konstigt med det.<\/p>\n\n\n\n<p class=\"wp-block-paragraph\">Vi f\u00f6rst\u00e5r den oro som kan uppkomma. Det har f\u00f6reslagits andra platser av brevskrivarna, flera har ocks\u00e5 unders\u00f6ks. Totalt har 13 platser tittats n\u00e4rmare p\u00e5 och sedan har mindre \u00e4n en handfull&nbsp; bed\u00f6mts som m\u00f6jliga att arbeta vidare med. Dessa har presenterats f\u00f6r f\u00f6retaget som i sin tur har valt att g\u00e5 vidare med Nor. &nbsp;<\/p>\n\n\n\n<p class=\"wp-block-paragraph\">De platser som unders\u00f6kts \u00e4r Nor, Dunderberget (Pilbo i kommunens lokaliseringsutredning), Gamla Viker, Greks\u00e5sar, Striberg\/Gyttorp (\u00c4lgaberget), H\u00e4stskoberget, Nybergsgruvan, \u00d6vre Kopparb\u00e4cken, Hultaberget, Dalkarlsberg, \u00d6vre Blexbergs\u00e5sen, Vasl\u00e4tten och Moaflyet.<\/p>\n\n\n\n<p class=\"wp-block-paragraph\">Viktiga parametrar har varit att minska p\u00e5verkan p\u00e5 omgivningen, mark\u00e4gare och boende utifr\u00e5n det skyddsomr\u00e5de som beh\u00f6vs runt den typ av verksamhet som planeras f\u00f6r.&nbsp;Tillst\u00e5ndsprocessen f\u00f6r milj\u00f6tillst\u00e5ndet och detaljplanearbetet \u00e4r dock de processer som slutligt kommer kunna svara p\u00e5 om platsen \u00e4r l\u00e4mplig f\u00f6r verksamheten eller inte. Man ska \u00e4ven veta att milj\u00f6kraven \u00e4r s\u00e5 starka i dessa fall att ut\u00f6ver kraftiga tankar och en process som uppfyller kraven och gr\u00e4nsv\u00e4rden, s\u00e5 inkluderar det \u00e4ven en form av yttre skalskydd som f\u00e5ngar upp ev. l\u00e4ckage om olyckan skulle vara framme.<\/p>\n\n\n\n<p class=\"wp-block-paragraph\">P\u00e5 m\u00f6tet som f\u00f6retaget arrangerade&nbsp;presenterades bakgrund,&nbsp;aff\u00e4rsid\u00e9 och&nbsp;kompetens. F\u00f6retaget beskrev den t\u00e4nkta processen. De var \u00e4ven tydliga med att de arbetade f\u00f6r att slippa elda det s k r\u00f6dslammet p\u00e5 plats. Vi har f\u00f6rst\u00e5tt att man arbetar mycket aktivt f\u00f6r att inte beh\u00f6va elda slammet.<\/p>\n\n\n\n<p class=\"wp-block-paragraph\">I dagsl\u00e4get \u00e4r inte en ans\u00f6kan gjord, men det kommer att g\u00f6ras en (m\u00f6jligt att en \u00e4r gjord d\u00e5 detta publiceras). Man har f\u00f6rl\u00e4ngt tiden f\u00f6r synpunkter fr\u00e5n boende, vilka kommer att presenteras i ans\u00f6kan. Vi tycker det tyder p\u00e5 en lyh\u00f6rdhet fr\u00e5n f\u00f6retagets sida. Det \u00e4r sedan mark och milj\u00f6domstolen och l\u00e4nsstyrelsen som har ansvaret f\u00f6r att pr\u00f6va platsen utifr\u00e5n bland annat milj\u00f6konsekvenser. Att det \u00e4r en verksamhet som kr\u00e4ver m\u00e5nga och skarpa milj\u00f6tillst\u00e5nd, \u00e4r vi medvetna om. Det framgick \u00e4ven p\u00e5 fullm\u00e4ktige och det m\u00f6te som arrangerades, men I dessa fr\u00e5gor, m\u00e5ste vi l\u00e4mna \u00f6ver till myndigheter, L\u00e4nsstyrelse och Mark och Milj\u00f6domstolen, f\u00f6r att kunna svara p\u00e5 vilka \u00e5tg\u00e4rder som beh\u00f6vs, utifr\u00e5n g\u00e4llande gr\u00e4nsv\u00e4rden. Kommunen styr inte dessa processer .<\/p>\n\n\n\n<p class=\"wp-block-paragraph\">Vad det g\u00e4ller infrastruktur betalas den i regel av exploat\u00f6ren. Det normala \u00e4r n\u00e4r ledningar l\u00e4ggs i sj\u00f6ar&nbsp; att&nbsp; de l\u00e4ggs&nbsp; p\u00e5 samma s\u00e4tt som det gjorts i Norasj\u00f6n (om det blir aktuellt). Det vill s\u00e4ga nertyngda p\u00e5 botten. \u00c4ven detta \u00e4r fr\u00e5gor som kommer utredas och tydligg\u00f6ras i en detaljplan, om vi f\u00f6rst\u00e5tt det hela r\u00e4tt.&nbsp;<\/p>\n\n\n\n<p class=\"wp-block-paragraph\">Vad man ej kommer ifr\u00e5n \u00e4r dock att omr\u00e5det kommer att inh\u00e4gnas och d\u00e4rmed m\u00f6jlighet f\u00f6r byborna att rida och plocka svamp d\u00e4r. Man har \u00e4ven varit orolig f\u00f6r att h\u00f6nsf\u00e5gel ska st\u00f6ras. Vad vi kunde se&nbsp;n\u00e4r vi var p\u00e5 plats s\u00e5&nbsp;har Sveaskog redan minskat dessa m\u00f6jligheter d\u00e5 delar av omr\u00e5det \u00e4r kalhugget.<\/p>\n\n\n\n<p class=\"wp-block-paragraph\">Slutligen vill vi s\u00e4ga i sammanhanget att vi givetvis inte vill bidra till en massa milj\u00f6farligt avfall pumpas ut i Nor. Sj\u00e4lvklart m\u00e5ste skalskydd och gr\u00e4nsv\u00e4rden g\u00e4lla. Liksom lagar och best\u00e4mmelser.<\/p>\n\n\n\n<p class=\"wp-block-paragraph\">Det \u00e4r bra att ni boende lyfter er oro och synpunkter d\u00e5 saker kan komma i ljuset som man f\u00f6rbisett.<\/p>\n\n\n\n<p class=\"wp-block-paragraph\">Samtidigt m\u00e5ste vi l\u00e5ta saker ha sin g\u00e5ng. Vi reagerar vi p\u00e5 de \u00f6vertoner som m\u00e5las upp. N\u00e5gra hundra l\u00e5ngtradare kommer ej passera p\u00e5 v\u00e4gen, snarare mindre \u00e4n ett tiotal tal och d\u00e5 r\u00e4knat tur och retur. Allt enligt den information som framkom p\u00e5 m\u00f6tet i januari.<\/p>\n\n\n\n<p class=\"wp-block-paragraph\">Vad f\u00f6retaget meddelade var att ett ytterligare informationsm\u00f6te skull ske i maj, s\u00e5 l\u00e5t oss se vad som kommit fram d\u00e5.<\/p>\n\n\n\n<p class=\"wp-block-paragraph\">F\u00f6r oss i LPo \u00e4r det viktigt att Nora utvecklas och ges m\u00f6jlighet till att skapa nya arbetstillf\u00e4llen i tider n\u00e4r skatteunderlaget sviktar. D\u00e4rf\u00f6r stod vi bakom ett positivt planbesked som inneb\u00e4r ytterligare utredningar enl. ovan.&nbsp;<\/p>\n\n\n\n<p class=\"wp-block-paragraph\">F\u00f6r oss \u00e4r det ocks\u00e5 viktigt att landsbygden inte blir ett rekreationsparadis f\u00f6r turister, utan kan utvecklas p\u00e5 b\u00e4sta s\u00e4tt och ge m\u00f6jlighet f\u00f6r permanent boende b\u00e5de p\u00e5 landet och i staden<\/p>\n\n\n\n<p class=\"wp-block-paragraph\"><\/p>\n","protected":false},"excerpt":{"rendered":"<p>Utifr\u00e5n de brev som inkommit och den oro som uttrycks fr\u00e5n sommarg\u00e4ster och n\u00e5gra permanent boende i Nor&nbsp;f\u00f6rklarar vi utifr\u00e5n Landsbygdspartiet oberoendes tankar och st\u00e4llningstagande om denna eventuella etablering av TNT fabrik. Sweden Ballistics AB, \u00e4r ett f\u00f6retag som, utifr\u00e5n 40 olika kommuner, har unders\u00f6kt var en etablering, av detta f\u00f6retags industribyggnad, kan g\u00f6ras. F\u00f6retaget [&hellip;]<\/p>\n","protected":false},"author":26,"featured_media":941,"comment_status":"open","ping_status":"open","sticky":false,"template":"","format":"standard","meta":{"_monsterinsights_skip_tracking":false,"site-sidebar-layout":"default","site-content-layout":"","ast-site-content-layout":"default","site-content-style":"default","site-sidebar-style":"default","ast-global-header-display":"","ast-banner-title-visibility":"","ast-main-header-display":"","ast-hfb-above-header-display":"","ast-hfb-below-header-display":"","ast-hfb-mobile-header-display":"","site-post-title":"","ast-breadcrumbs-content":"","ast-featured-img":"","footer-sml-layout":"","ast-disable-related-posts":"","theme-transparent-header-meta":"","adv-header-id-meta":"","stick-header-meta":"","header-above-stick-meta":"","header-main-stick-meta":"","header-below-stick-meta":"","astra-migrate-meta-layouts":"set","ast-page-background-enabled":"default","ast-page-background-meta":{"desktop":{"background-color":"var(--ast-global-color-4)","background-image":"","background-repeat":"repeat","background-position":"center center","background-size":"auto","background-attachment":"scroll","background-type":"","background-media":"","overlay-type":"","overlay-color":"","overlay-opacity":"","overlay-gradient":""},"tablet":{"background-color":"","background-image":"","background-repeat":"repeat","background-position":"center center","background-size":"auto","background-attachment":"scroll","background-type":"","background-media":"","overlay-type":"","overlay-color":"","overlay-opacity":"","overlay-gradient":""},"mobile":{"background-color":"","background-image":"","background-repeat":"repeat","background-position":"center center","background-size":"auto","background-attachment":"scroll","background-type":"","background-media":"","overlay-type":"","overlay-color":"","overlay-opacity":"","overlay-gradient":""}},"ast-content-background-meta":{"desktop":{"background-color":"var(--ast-global-color-5)","background-image":"","background-repeat":"repeat","background-position":"center center","background-size":"auto","background-attachment":"scroll","background-type":"","background-media":"","overlay-type":"","overlay-color":"","overlay-opacity":"","overlay-gradient":""},"tablet":{"background-color":"var(--ast-global-color-5)","background-image":"","background-repeat":"repeat","background-position":"center center","background-size":"auto","background-attachment":"scroll","background-type":"","background-media":"","overlay-type":"","overlay-color":"","overlay-opacity":"","overlay-gradient":""},"mobile":{"background-color":"var(--ast-global-color-5)","background-image":"","background-repeat":"repeat","background-position":"center center","background-size":"auto","background-attachment":"scroll","background-type":"","background-media":"","overlay-type":"","overlay-color":"","overlay-opacity":"","overlay-gradient":""}},"footnotes":""},"categories":[2],"tags":[130,76,20,18,131,129],"class_list":["post-930","post","type-post","status-publish","format-standard","has-post-thumbnail","hentry","category-lokalt","tag-nor","tag-nora","tag-nora-kommun","tag-politik","tag-swebal","tag-tnt"],"yoast_head":"<!-- This site is optimized with the Yoast SEO plugin v28.1 - https:\/\/yoast.com\/product\/yoast-seo-wordpress\/ -->\n<title>Ang\u00e5ende Nor och TNT fabrik - Landsbygdspartiet oberoende Nora<\/title>\n<meta name=\"robots\" content=\"index, follow, max-snippet:-1, max-image-preview:large, max-video-preview:-1\" \/>\n<link rel=\"canonical\" href=\"https:\/\/landsbygdspartiet.org\/nora\/2025\/03\/27\/angaende-nor-och-tnt-fabrik\/\" \/>\n<meta property=\"og:locale\" content=\"sv_SE\" \/>\n<meta property=\"og:type\" content=\"article\" \/>\n<meta property=\"og:title\" content=\"Ang\u00e5ende Nor och TNT fabrik - Landsbygdspartiet oberoende Nora\" \/>\n<meta property=\"og:description\" content=\"Utifr\u00e5n de brev som inkommit och den oro som uttrycks fr\u00e5n sommarg\u00e4ster och n\u00e5gra permanent boende i Nor&nbsp;f\u00f6rklarar vi utifr\u00e5n Landsbygdspartiet oberoendes tankar och st\u00e4llningstagande om denna eventuella etablering av TNT fabrik. Sweden Ballistics AB, \u00e4r ett f\u00f6retag som, utifr\u00e5n 40 olika kommuner, har unders\u00f6kt var en etablering, av detta f\u00f6retags industribyggnad, kan g\u00f6ras. F\u00f6retaget [&hellip;]\" \/>\n<meta property=\"og:url\" content=\"https:\/\/landsbygdspartiet.org\/nora\/2025\/03\/27\/angaende-nor-och-tnt-fabrik\/\" \/>\n<meta property=\"og:site_name\" content=\"Landsbygdspartiet oberoende Nora\" \/>\n<meta property=\"article:published_time\" content=\"2025-03-27T09:55:20+00:00\" \/>\n<meta property=\"og:image\" content=\"https:\/\/landsbygdspartiet.org\/nora\/wp-content\/uploads\/sites\/12\/2025\/03\/Naturvardesinventering-Nor-2025-01-17_Page_01-1024x771.png\" \/>\n\t<meta property=\"og:image:width\" content=\"1024\" \/>\n\t<meta property=\"og:image:height\" content=\"771\" \/>\n\t<meta property=\"og:image:type\" content=\"image\/png\" \/>\n<meta name=\"author\" content=\"Pia-Maria Johansson\" \/>\n<meta name=\"twitter:card\" content=\"summary_large_image\" \/>\n<meta name=\"twitter:label1\" content=\"Skriven av\" \/>\n\t<meta name=\"twitter:data1\" content=\"Pia-Maria Johansson\" \/>\n\t<meta name=\"twitter:label2\" content=\"Ber\u00e4knad l\u00e4stid\" \/>\n\t<meta name=\"twitter:data2\" content=\"5 minuter\" \/>\n<script type=\"application\/ld+json\" class=\"yoast-schema-graph\">{\"@context\":\"https:\\\/\\\/schema.org\",\"@graph\":[{\"@type\":\"Article\",\"@id\":\"https:\\\/\\\/landsbygdspartiet.org\\\/nora\\\/2025\\\/03\\\/27\\\/angaende-nor-och-tnt-fabrik\\\/#article\",\"isPartOf\":{\"@id\":\"https:\\\/\\\/landsbygdspartiet.org\\\/nora\\\/2025\\\/03\\\/27\\\/angaende-nor-och-tnt-fabrik\\\/\"},\"author\":{\"name\":\"Pia-Maria Johansson\",\"@id\":\"https:\\\/\\\/landsbygdspartiet.org\\\/nora\\\/#\\\/schema\\\/person\\\/2cc4704084159b678fc8e41cf869efb1\"},\"headline\":\"Ang\u00e5ende Nor och TNT fabrik\",\"datePublished\":\"2025-03-27T09:55:20+00:00\",\"mainEntityOfPage\":{\"@id\":\"https:\\\/\\\/landsbygdspartiet.org\\\/nora\\\/2025\\\/03\\\/27\\\/angaende-nor-och-tnt-fabrik\\\/\"},\"wordCount\":1024,\"commentCount\":0,\"image\":{\"@id\":\"https:\\\/\\\/landsbygdspartiet.org\\\/nora\\\/2025\\\/03\\\/27\\\/angaende-nor-och-tnt-fabrik\\\/#primaryimage\"},\"thumbnailUrl\":\"https:\\\/\\\/landsbygdspartiet.org\\\/nora\\\/wp-content\\\/uploads\\\/sites\\\/12\\\/2025\\\/03\\\/Naturvardesinventering-Nor-2025-01-17_Page_01.png\",\"keywords\":[\"nor\",\"nora\",\"nora kommun\",\"politik\",\"swebal\",\"tnt\"],\"articleSection\":[\"Lokalt\"],\"inLanguage\":\"sv-SE\",\"potentialAction\":[{\"@type\":\"CommentAction\",\"name\":\"Comment\",\"target\":[\"https:\\\/\\\/landsbygdspartiet.org\\\/nora\\\/2025\\\/03\\\/27\\\/angaende-nor-och-tnt-fabrik\\\/#respond\"]}]},{\"@type\":\"WebPage\",\"@id\":\"https:\\\/\\\/landsbygdspartiet.org\\\/nora\\\/2025\\\/03\\\/27\\\/angaende-nor-och-tnt-fabrik\\\/\",\"url\":\"https:\\\/\\\/landsbygdspartiet.org\\\/nora\\\/2025\\\/03\\\/27\\\/angaende-nor-och-tnt-fabrik\\\/\",\"name\":\"Ang\u00e5ende Nor och TNT fabrik - Landsbygdspartiet oberoende Nora\",\"isPartOf\":{\"@id\":\"https:\\\/\\\/landsbygdspartiet.org\\\/nora\\\/#website\"},\"primaryImageOfPage\":{\"@id\":\"https:\\\/\\\/landsbygdspartiet.org\\\/nora\\\/2025\\\/03\\\/27\\\/angaende-nor-och-tnt-fabrik\\\/#primaryimage\"},\"image\":{\"@id\":\"https:\\\/\\\/landsbygdspartiet.org\\\/nora\\\/2025\\\/03\\\/27\\\/angaende-nor-och-tnt-fabrik\\\/#primaryimage\"},\"thumbnailUrl\":\"https:\\\/\\\/landsbygdspartiet.org\\\/nora\\\/wp-content\\\/uploads\\\/sites\\\/12\\\/2025\\\/03\\\/Naturvardesinventering-Nor-2025-01-17_Page_01.png\",\"datePublished\":\"2025-03-27T09:55:20+00:00\",\"author\":{\"@id\":\"https:\\\/\\\/landsbygdspartiet.org\\\/nora\\\/#\\\/schema\\\/person\\\/2cc4704084159b678fc8e41cf869efb1\"},\"breadcrumb\":{\"@id\":\"https:\\\/\\\/landsbygdspartiet.org\\\/nora\\\/2025\\\/03\\\/27\\\/angaende-nor-och-tnt-fabrik\\\/#breadcrumb\"},\"inLanguage\":\"sv-SE\",\"potentialAction\":[{\"@type\":\"ReadAction\",\"target\":[\"https:\\\/\\\/landsbygdspartiet.org\\\/nora\\\/2025\\\/03\\\/27\\\/angaende-nor-och-tnt-fabrik\\\/\"]}]},{\"@type\":\"ImageObject\",\"inLanguage\":\"sv-SE\",\"@id\":\"https:\\\/\\\/landsbygdspartiet.org\\\/nora\\\/2025\\\/03\\\/27\\\/angaende-nor-och-tnt-fabrik\\\/#primaryimage\",\"url\":\"https:\\\/\\\/landsbygdspartiet.org\\\/nora\\\/wp-content\\\/uploads\\\/sites\\\/12\\\/2025\\\/03\\\/Naturvardesinventering-Nor-2025-01-17_Page_01.png\",\"contentUrl\":\"https:\\\/\\\/landsbygdspartiet.org\\\/nora\\\/wp-content\\\/uploads\\\/sites\\\/12\\\/2025\\\/03\\\/Naturvardesinventering-Nor-2025-01-17_Page_01.png\",\"width\":4005,\"height\":3015},{\"@type\":\"BreadcrumbList\",\"@id\":\"https:\\\/\\\/landsbygdspartiet.org\\\/nora\\\/2025\\\/03\\\/27\\\/angaende-nor-och-tnt-fabrik\\\/#breadcrumb\",\"itemListElement\":[{\"@type\":\"ListItem\",\"position\":1,\"name\":\"Hem\",\"item\":\"https:\\\/\\\/landsbygdspartiet.org\\\/nora\\\/\"},{\"@type\":\"ListItem\",\"position\":2,\"name\":\"Ang\u00e5ende Nor och TNT fabrik\"}]},{\"@type\":\"WebSite\",\"@id\":\"https:\\\/\\\/landsbygdspartiet.org\\\/nora\\\/#website\",\"url\":\"https:\\\/\\\/landsbygdspartiet.org\\\/nora\\\/\",\"name\":\"Landsbygdspartiet oberoende Nora\",\"description\":\"\u00c4nnu en webbplats hos Mina webbplatser\",\"potentialAction\":[{\"@type\":\"SearchAction\",\"target\":{\"@type\":\"EntryPoint\",\"urlTemplate\":\"https:\\\/\\\/landsbygdspartiet.org\\\/nora\\\/?s={search_term_string}\"},\"query-input\":{\"@type\":\"PropertyValueSpecification\",\"valueRequired\":true,\"valueName\":\"search_term_string\"}}],\"inLanguage\":\"sv-SE\"},{\"@type\":\"Person\",\"@id\":\"https:\\\/\\\/landsbygdspartiet.org\\\/nora\\\/#\\\/schema\\\/person\\\/2cc4704084159b678fc8e41cf869efb1\",\"name\":\"Pia-Maria Johansson\",\"pronouns\":\"H\u00e4rskarinnan\",\"image\":{\"@type\":\"ImageObject\",\"inLanguage\":\"sv-SE\",\"@id\":\"https:\\\/\\\/secure.gravatar.com\\\/avatar\\\/dd1a353b42c9d638f74345d4b4d0fc31107140212df484719fff87b0b1ce2d2c?s=96&d=mm&r=g\",\"url\":\"https:\\\/\\\/secure.gravatar.com\\\/avatar\\\/dd1a353b42c9d638f74345d4b4d0fc31107140212df484719fff87b0b1ce2d2c?s=96&d=mm&r=g\",\"contentUrl\":\"https:\\\/\\\/secure.gravatar.com\\\/avatar\\\/dd1a353b42c9d638f74345d4b4d0fc31107140212df484719fff87b0b1ce2d2c?s=96&d=mm&r=g\",\"caption\":\"Pia-Maria Johansson\"},\"url\":\"https:\\\/\\\/landsbygdspartiet.org\\\/nora\\\/author\\\/pmjadmin\\\/\"}]}<\/script>\n<!-- \/ Yoast SEO plugin. -->","yoast_head_json":{"title":"Ang\u00e5ende Nor och TNT fabrik - Landsbygdspartiet oberoende Nora","robots":{"index":"index","follow":"follow","max-snippet":"max-snippet:-1","max-image-preview":"max-image-preview:large","max-video-preview":"max-video-preview:-1"},"canonical":"https:\/\/landsbygdspartiet.org\/nora\/2025\/03\/27\/angaende-nor-och-tnt-fabrik\/","og_locale":"sv_SE","og_type":"article","og_title":"Ang\u00e5ende Nor och TNT fabrik - Landsbygdspartiet oberoende Nora","og_description":"Utifr\u00e5n de brev som inkommit och den oro som uttrycks fr\u00e5n sommarg\u00e4ster och n\u00e5gra permanent boende i Nor&nbsp;f\u00f6rklarar vi utifr\u00e5n Landsbygdspartiet oberoendes tankar och st\u00e4llningstagande om denna eventuella etablering av TNT fabrik. Sweden Ballistics AB, \u00e4r ett f\u00f6retag som, utifr\u00e5n 40 olika kommuner, har unders\u00f6kt var en etablering, av detta f\u00f6retags industribyggnad, kan g\u00f6ras. F\u00f6retaget [&hellip;]","og_url":"https:\/\/landsbygdspartiet.org\/nora\/2025\/03\/27\/angaende-nor-och-tnt-fabrik\/","og_site_name":"Landsbygdspartiet oberoende Nora","article_published_time":"2025-03-27T09:55:20+00:00","og_image":[{"width":1024,"height":771,"url":"https:\/\/landsbygdspartiet.org\/nora\/wp-content\/uploads\/sites\/12\/2025\/03\/Naturvardesinventering-Nor-2025-01-17_Page_01-1024x771.png","type":"image\/png"}],"author":"Pia-Maria Johansson","twitter_card":"summary_large_image","twitter_misc":{"Skriven av":"Pia-Maria Johansson","Ber\u00e4knad l\u00e4stid":"5 minuter"},"schema":{"@context":"https:\/\/schema.org","@graph":[{"@type":"Article","@id":"https:\/\/landsbygdspartiet.org\/nora\/2025\/03\/27\/angaende-nor-och-tnt-fabrik\/#article","isPartOf":{"@id":"https:\/\/landsbygdspartiet.org\/nora\/2025\/03\/27\/angaende-nor-och-tnt-fabrik\/"},"author":{"name":"Pia-Maria Johansson","@id":"https:\/\/landsbygdspartiet.org\/nora\/#\/schema\/person\/2cc4704084159b678fc8e41cf869efb1"},"headline":"Ang\u00e5ende Nor och TNT fabrik","datePublished":"2025-03-27T09:55:20+00:00","mainEntityOfPage":{"@id":"https:\/\/landsbygdspartiet.org\/nora\/2025\/03\/27\/angaende-nor-och-tnt-fabrik\/"},"wordCount":1024,"commentCount":0,"image":{"@id":"https:\/\/landsbygdspartiet.org\/nora\/2025\/03\/27\/angaende-nor-och-tnt-fabrik\/#primaryimage"},"thumbnailUrl":"https:\/\/landsbygdspartiet.org\/nora\/wp-content\/uploads\/sites\/12\/2025\/03\/Naturvardesinventering-Nor-2025-01-17_Page_01.png","keywords":["nor","nora","nora kommun","politik","swebal","tnt"],"articleSection":["Lokalt"],"inLanguage":"sv-SE","potentialAction":[{"@type":"CommentAction","name":"Comment","target":["https:\/\/landsbygdspartiet.org\/nora\/2025\/03\/27\/angaende-nor-och-tnt-fabrik\/#respond"]}]},{"@type":"WebPage","@id":"https:\/\/landsbygdspartiet.org\/nora\/2025\/03\/27\/angaende-nor-och-tnt-fabrik\/","url":"https:\/\/landsbygdspartiet.org\/nora\/2025\/03\/27\/angaende-nor-och-tnt-fabrik\/","name":"Ang\u00e5ende Nor och TNT fabrik - Landsbygdspartiet oberoende Nora","isPartOf":{"@id":"https:\/\/landsbygdspartiet.org\/nora\/#website"},"primaryImageOfPage":{"@id":"https:\/\/landsbygdspartiet.org\/nora\/2025\/03\/27\/angaende-nor-och-tnt-fabrik\/#primaryimage"},"image":{"@id":"https:\/\/landsbygdspartiet.org\/nora\/2025\/03\/27\/angaende-nor-och-tnt-fabrik\/#primaryimage"},"thumbnailUrl":"https:\/\/landsbygdspartiet.org\/nora\/wp-content\/uploads\/sites\/12\/2025\/03\/Naturvardesinventering-Nor-2025-01-17_Page_01.png","datePublished":"2025-03-27T09:55:20+00:00","author":{"@id":"https:\/\/landsbygdspartiet.org\/nora\/#\/schema\/person\/2cc4704084159b678fc8e41cf869efb1"},"breadcrumb":{"@id":"https:\/\/landsbygdspartiet.org\/nora\/2025\/03\/27\/angaende-nor-och-tnt-fabrik\/#breadcrumb"},"inLanguage":"sv-SE","potentialAction":[{"@type":"ReadAction","target":["https:\/\/landsbygdspartiet.org\/nora\/2025\/03\/27\/angaende-nor-och-tnt-fabrik\/"]}]},{"@type":"ImageObject","inLanguage":"sv-SE","@id":"https:\/\/landsbygdspartiet.org\/nora\/2025\/03\/27\/angaende-nor-och-tnt-fabrik\/#primaryimage","url":"https:\/\/landsbygdspartiet.org\/nora\/wp-content\/uploads\/sites\/12\/2025\/03\/Naturvardesinventering-Nor-2025-01-17_Page_01.png","contentUrl":"https:\/\/landsbygdspartiet.org\/nora\/wp-content\/uploads\/sites\/12\/2025\/03\/Naturvardesinventering-Nor-2025-01-17_Page_01.png","width":4005,"height":3015},{"@type":"BreadcrumbList","@id":"https:\/\/landsbygdspartiet.org\/nora\/2025\/03\/27\/angaende-nor-och-tnt-fabrik\/#breadcrumb","itemListElement":[{"@type":"ListItem","position":1,"name":"Hem","item":"https:\/\/landsbygdspartiet.org\/nora\/"},{"@type":"ListItem","position":2,"name":"Ang\u00e5ende Nor och TNT fabrik"}]},{"@type":"WebSite","@id":"https:\/\/landsbygdspartiet.org\/nora\/#website","url":"https:\/\/landsbygdspartiet.org\/nora\/","name":"Landsbygdspartiet oberoende Nora","description":"\u00c4nnu en webbplats hos Mina webbplatser","potentialAction":[{"@type":"SearchAction","target":{"@type":"EntryPoint","urlTemplate":"https:\/\/landsbygdspartiet.org\/nora\/?s={search_term_string}"},"query-input":{"@type":"PropertyValueSpecification","valueRequired":true,"valueName":"search_term_string"}}],"inLanguage":"sv-SE"},{"@type":"Person","@id":"https:\/\/landsbygdspartiet.org\/nora\/#\/schema\/person\/2cc4704084159b678fc8e41cf869efb1","name":"Pia-Maria Johansson","pronouns":"H\u00e4rskarinnan","image":{"@type":"ImageObject","inLanguage":"sv-SE","@id":"https:\/\/secure.gravatar.com\/avatar\/dd1a353b42c9d638f74345d4b4d0fc31107140212df484719fff87b0b1ce2d2c?s=96&d=mm&r=g","url":"https:\/\/secure.gravatar.com\/avatar\/dd1a353b42c9d638f74345d4b4d0fc31107140212df484719fff87b0b1ce2d2c?s=96&d=mm&r=g","contentUrl":"https:\/\/secure.gravatar.com\/avatar\/dd1a353b42c9d638f74345d4b4d0fc31107140212df484719fff87b0b1ce2d2c?s=96&d=mm&r=g","caption":"Pia-Maria Johansson"},"url":"https:\/\/landsbygdspartiet.org\/nora\/author\/pmjadmin\/"}]}},"_links":{"self":[{"href":"https:\/\/landsbygdspartiet.org\/nora\/wp-json\/wp\/v2\/posts\/930","targetHints":{"allow":["GET"]}}],"collection":[{"href":"https:\/\/landsbygdspartiet.org\/nora\/wp-json\/wp\/v2\/posts"}],"about":[{"href":"https:\/\/landsbygdspartiet.org\/nora\/wp-json\/wp\/v2\/types\/post"}],"author":[{"embeddable":true,"href":"https:\/\/landsbygdspartiet.org\/nora\/wp-json\/wp\/v2\/users\/26"}],"replies":[{"embeddable":true,"href":"https:\/\/landsbygdspartiet.org\/nora\/wp-json\/wp\/v2\/comments?post=930"}],"version-history":[{"count":1,"href":"https:\/\/landsbygdspartiet.org\/nora\/wp-json\/wp\/v2\/posts\/930\/revisions"}],"predecessor-version":[{"id":942,"href":"https:\/\/landsbygdspartiet.org\/nora\/wp-json\/wp\/v2\/posts\/930\/revisions\/942"}],"wp:featuredmedia":[{"embeddable":true,"href":"https:\/\/landsbygdspartiet.org\/nora\/wp-json\/wp\/v2\/media\/941"}],"wp:attachment":[{"href":"https:\/\/landsbygdspartiet.org\/nora\/wp-json\/wp\/v2\/media?parent=930"}],"wp:term":[{"taxonomy":"category","embeddable":true,"href":"https:\/\/landsbygdspartiet.org\/nora\/wp-json\/wp\/v2\/categories?post=930"},{"taxonomy":"post_tag","embeddable":true,"href":"https:\/\/landsbygdspartiet.org\/nora\/wp-json\/wp\/v2\/tags?post=930"}],"curies":[{"name":"wp","href":"https:\/\/api.w.org\/{rel}","templated":true}]}}